{"id":188,"date":"2026-03-04T20:02:52","date_gmt":"2026-03-04T19:02:52","guid":{"rendered":"https:\/\/www.birresdorf.de\/blog\/?p=188"},"modified":"2026-03-04T20:02:52","modified_gmt":"2026-03-04T19:02:52","slug":"tropischer-ausnahmezustand-bei-weiberfastnacht-in-birresdorf","status":"publish","type":"post","link":"https:\/\/www.birresdorf.de\/blog\/2026\/03\/04\/tropischer-ausnahmezustand-bei-weiberfastnacht-in-birresdorf\/","title":{"rendered":"Tropischer Ausnahmezustand bei Weiberfastnacht in Birresdorf"},"content":{"rendered":"\n<p>Am 12. Februar verwandelte sich der Dorfgemeinschaftshof in ein karnevalistisches Tropenparadies: Unter dem Motto \u201eBerresd\u00f6rp em Tropejel\u00f6ck \u2013 onn de M\u00f6hne senn total verr\u00f6ck\u201c feierten die Birresdorfer M\u00f6hnen ihren diesj\u00e4hrigen Weiberfastnachts-Kaffeeklatsch \u2013 bunt, fr\u00f6hlich und bestens gelaunt.<\/p>\n\n\n\n<!--more-->\n\n\n\n<p>P\u00fcnktlich um 15:11 Uhr zog die M\u00f6hnenschar mit ihren vier Funkengruppen in den festlich geschm\u00fcckten Saal ein. Sitzungsleiterin Marietta H\u00fcffel begr\u00fc\u00dfte die kost\u00fcmierten G\u00e4ste herzlich und f\u00fchrte charmant durch das abwechslungsreiche Programm. Die kleinen, mittleren und gro\u00dfen Funken begeisterten mit schwungvollen T\u00e4nzen und ernteten tosenden Applaus.<\/p>\n\n\n\n<p>Musikalisch brachte DJ Ingo Gemein den Saal zum Schunkeln, bevor die Band Sch\u00e4l P\u00e4nz ordentlich einheizte. Auch die W\u00f6lle Jonge sorgten mit ihrem aktuellen Tanz f\u00fcr Begeisterung.<\/p>\n\n\n\n<p>F\u00fcr viele Lacher sorgten die fantasievollen Sketche der M\u00f6hnen: Ob turbulente Diskussion in der Kita-WhatsApp-Gruppe, humorvolle Einblicke in die Partnersuche im besten Alter oder ein Synchronschwimmen der etwas anderen Art \u2013 kein Auge blieb trocken.<\/p>\n\n\n\n<p>Ein besonderer Moment war die Ehrung von Astrid Wach, die von Oberm\u00f6hn Svenja Riedl f\u00fcr 30 Jahre engagierte Zugeh\u00f6rigkeit ausgezeichnet wurde.<\/p>\n\n\n\n<p>Besuch kam von den befreundeten Vereinen Ringener Wendb\u00f6ggele und Oedinger Rheinh\u00f6henfunken samt Tollit\u00e4ten, die teilweise aus Birresdorf stammen, sowie von der Kinderprinzessin aus Ahrweiler zu Ehren ihrer verstorbenen Oma.<\/p>\n\n\n\n<p>Zum kr\u00f6nenden Finale wirbelten die Red Hot Maries, das Birresdorfer M\u00e4nnerballett und die M\u00f6hnen \u00fcber die B\u00fchne.<\/p>\n\n\n\n<p>Auch nach dem offiziellen Ende wurde weitergelacht und getanzt \u2013 ein rundum gelungener Weiberdonnerstag, f\u00fcr den sich die M\u00f6hnen bei allen herzlich bedanken wollen!<\/p>\n\n\n\n<figure class=\"wp-block-gallery has-nested-images columns-default is-cropped wp-block-gallery-2 is-layout-flex wp-block-gallery-is-layout-flex\">\n<figure class=\"wp-block-image size-large\"><img loading=\"lazy\" decoding=\"async\" width=\"899\" height=\"600\" data-id=\"189\" src=\"https:\/\/www.birresdorf.de\/blog\/wp-content\/uploads\/2026\/03\/2026-02-12-Weiberdonnerstag-Funkengruppen.jpg\" alt=\"\" class=\"wp-image-189\" srcset=\"https:\/\/www.birresdorf.de\/blog\/wp-content\/uploads\/2026\/03\/2026-02-12-Weiberdonnerstag-Funkengruppen.jpg 899w, https:\/\/www.birresdorf.de\/blog\/wp-content\/uploads\/2026\/03\/2026-02-12-Weiberdonnerstag-Funkengruppen-300x200.jpg 300w, https:\/\/www.birresdorf.de\/blog\/wp-content\/uploads\/2026\/03\/2026-02-12-Weiberdonnerstag-Funkengruppen-768x513.jpg 768w\" sizes=\"auto, (max-width: 899px) 100vw, 899px\" \/><figcaption class=\"wp-element-caption\">Funkengruppen<\/figcaption><\/figure>\n\n\n\n<figure class=\"wp-block-image size-large\"><img loading=\"lazy\" decoding=\"async\" width=\"900\" height=\"600\" data-id=\"190\" src=\"https:\/\/www.birresdorf.de\/blog\/wp-content\/uploads\/2026\/03\/2026-02-12-Weiberdonnerstag-Kita-WhatsApp-Gruppe.jpg\" alt=\"\" class=\"wp-image-190\" srcset=\"https:\/\/www.birresdorf.de\/blog\/wp-content\/uploads\/2026\/03\/2026-02-12-Weiberdonnerstag-Kita-WhatsApp-Gruppe.jpg 900w, https:\/\/www.birresdorf.de\/blog\/wp-content\/uploads\/2026\/03\/2026-02-12-Weiberdonnerstag-Kita-WhatsApp-Gruppe-300x200.jpg 300w, https:\/\/www.birresdorf.de\/blog\/wp-content\/uploads\/2026\/03\/2026-02-12-Weiberdonnerstag-Kita-WhatsApp-Gruppe-768x512.jpg 768w\" sizes=\"auto, (max-width: 900px) 100vw, 900px\" \/><figcaption class=\"wp-element-caption\">Kita-WhatsApp-Gruppe<\/figcaption><\/figure>\n\n\n\n<figure class=\"wp-block-image size-large\"><img loading=\"lazy\" decoding=\"async\" width=\"899\" height=\"600\" data-id=\"191\" src=\"https:\/\/www.birresdorf.de\/blog\/wp-content\/uploads\/2026\/03\/2026-02-12-Weiberdonnerstag-Maennerballett.jpg\" alt=\"\" class=\"wp-image-191\" srcset=\"https:\/\/www.birresdorf.de\/blog\/wp-content\/uploads\/2026\/03\/2026-02-12-Weiberdonnerstag-Maennerballett.jpg 899w, https:\/\/www.birresdorf.de\/blog\/wp-content\/uploads\/2026\/03\/2026-02-12-Weiberdonnerstag-Maennerballett-300x200.jpg 300w, https:\/\/www.birresdorf.de\/blog\/wp-content\/uploads\/2026\/03\/2026-02-12-Weiberdonnerstag-Maennerballett-768x513.jpg 768w\" sizes=\"auto, (max-width: 899px) 100vw, 899px\" \/><figcaption class=\"wp-element-caption\">M\u00e4nnerballett<\/figcaption><\/figure>\n\n\n\n<figure class=\"wp-block-image size-large\"><img loading=\"lazy\" decoding=\"async\" width=\"899\" height=\"600\" data-id=\"192\" src=\"https:\/\/www.birresdorf.de\/blog\/wp-content\/uploads\/2026\/03\/2026-02-12-Weiberdonnerstag-Moehnen-Gruppenfoto.jpg\" alt=\"\" class=\"wp-image-192\" srcset=\"https:\/\/www.birresdorf.de\/blog\/wp-content\/uploads\/2026\/03\/2026-02-12-Weiberdonnerstag-Moehnen-Gruppenfoto.jpg 899w, https:\/\/www.birresdorf.de\/blog\/wp-content\/uploads\/2026\/03\/2026-02-12-Weiberdonnerstag-Moehnen-Gruppenfoto-300x200.jpg 300w, https:\/\/www.birresdorf.de\/blog\/wp-content\/uploads\/2026\/03\/2026-02-12-Weiberdonnerstag-Moehnen-Gruppenfoto-768x513.jpg 768w\" sizes=\"auto, (max-width: 899px) 100vw, 899px\" \/><figcaption class=\"wp-element-caption\">M\u00f6hnen<\/figcaption><\/figure>\n\n\n\n<figure class=\"wp-block-image size-large\"><img loading=\"lazy\" decoding=\"async\" width=\"900\" height=\"600\" data-id=\"196\" src=\"https:\/\/www.birresdorf.de\/blog\/wp-content\/uploads\/2026\/03\/2026-02-12-Weiberdonnerstag-Moehnentanz.jpg\" alt=\"\" class=\"wp-image-196\" srcset=\"https:\/\/www.birresdorf.de\/blog\/wp-content\/uploads\/2026\/03\/2026-02-12-Weiberdonnerstag-Moehnentanz.jpg 900w, https:\/\/www.birresdorf.de\/blog\/wp-content\/uploads\/2026\/03\/2026-02-12-Weiberdonnerstag-Moehnentanz-300x200.jpg 300w, https:\/\/www.birresdorf.de\/blog\/wp-content\/uploads\/2026\/03\/2026-02-12-Weiberdonnerstag-Moehnentanz-768x512.jpg 768w\" sizes=\"auto, (max-width: 900px) 100vw, 900px\" \/><figcaption class=\"wp-element-caption\">M\u00f6hnentanz<\/figcaption><\/figure>\n\n\n\n<figure class=\"wp-block-image size-large\"><img loading=\"lazy\" decoding=\"async\" width=\"899\" height=\"600\" data-id=\"195\" src=\"https:\/\/www.birresdorf.de\/blog\/wp-content\/uploads\/2026\/03\/2026-02-12-Weiberdonnerstag-Partnersuche_im_besten_Alter-2.jpg\" alt=\"\" class=\"wp-image-195\" srcset=\"https:\/\/www.birresdorf.de\/blog\/wp-content\/uploads\/2026\/03\/2026-02-12-Weiberdonnerstag-Partnersuche_im_besten_Alter-2.jpg 899w, https:\/\/www.birresdorf.de\/blog\/wp-content\/uploads\/2026\/03\/2026-02-12-Weiberdonnerstag-Partnersuche_im_besten_Alter-2-300x200.jpg 300w, https:\/\/www.birresdorf.de\/blog\/wp-content\/uploads\/2026\/03\/2026-02-12-Weiberdonnerstag-Partnersuche_im_besten_Alter-2-768x513.jpg 768w\" sizes=\"auto, (max-width: 899px) 100vw, 899px\" \/><figcaption class=\"wp-element-caption\">Partnersuche im besten Alter<\/figcaption><\/figure>\n\n\n\n<figure class=\"wp-block-image size-large\"><img loading=\"lazy\" decoding=\"async\" width=\"899\" height=\"600\" data-id=\"193\" src=\"https:\/\/www.birresdorf.de\/blog\/wp-content\/uploads\/2026\/03\/2026-02-12-Weiberdonnerstag-Synchronschwimmen-1.jpg\" alt=\"\" class=\"wp-image-193\" srcset=\"https:\/\/www.birresdorf.de\/blog\/wp-content\/uploads\/2026\/03\/2026-02-12-Weiberdonnerstag-Synchronschwimmen-1.jpg 899w, https:\/\/www.birresdorf.de\/blog\/wp-content\/uploads\/2026\/03\/2026-02-12-Weiberdonnerstag-Synchronschwimmen-1-300x200.jpg 300w, https:\/\/www.birresdorf.de\/blog\/wp-content\/uploads\/2026\/03\/2026-02-12-Weiberdonnerstag-Synchronschwimmen-1-768x513.jpg 768w\" sizes=\"auto, (max-width: 899px) 100vw, 899px\" \/><figcaption class=\"wp-element-caption\">Synchronschwimmen<\/figcaption><\/figure>\n\n\n\n<figure class=\"wp-block-image size-large\"><img loading=\"lazy\" decoding=\"async\" width=\"900\" height=\"600\" data-id=\"194\" src=\"https:\/\/www.birresdorf.de\/blog\/wp-content\/uploads\/2026\/03\/2026-02-12-Weiberdonnerstag-Synchronschwimmen-2.jpg\" alt=\"\" class=\"wp-image-194\" srcset=\"https:\/\/www.birresdorf.de\/blog\/wp-content\/uploads\/2026\/03\/2026-02-12-Weiberdonnerstag-Synchronschwimmen-2.jpg 900w, https:\/\/www.birresdorf.de\/blog\/wp-content\/uploads\/2026\/03\/2026-02-12-Weiberdonnerstag-Synchronschwimmen-2-300x200.jpg 300w, https:\/\/www.birresdorf.de\/blog\/wp-content\/uploads\/2026\/03\/2026-02-12-Weiberdonnerstag-Synchronschwimmen-2-768x512.jpg 768w\" sizes=\"auto, (max-width: 900px) 100vw, 900px\" \/><figcaption class=\"wp-element-caption\">Synchronschwimmen<\/figcaption><\/figure>\n<figcaption class=\"blocks-gallery-caption wp-element-caption\">Fotos: Maximilian Hartmann<\/figcaption><\/figure>\n","protected":false},"excerpt":{"rendered":"<p>Am 12. Februar verwandelte sich der Dorfgemeinschaftshof in ein karnevalistisches Tropenparadies: Unter dem Motto \u201eBerresd\u00f6rp em Tropejel\u00f6ck \u2013 onn de M\u00f6hne senn total verr\u00f6ck\u201c feierten die Birresdorfer M\u00f6hnen ihren diesj\u00e4hrigen [&hellip;]<\/p>\n","protected":false},"author":1,"featured_media":0,"comment_status":"closed","ping_status":"open","sticky":false,"template":"","format":"standard","meta":{"_EventAllDay":false,"_EventTimezone":"","_EventStartDate":"","_EventEndDate":"","_EventStartDateUTC":"","_EventEndDateUTC":"","_EventShowMap":false,"_EventShowMapLink":false,"_EventURL":"","_EventCost":"","_EventCostDescription":"","_EventCurrencySymbol":"","_EventCurrencyCode":"","_EventCurrencyPosition":"","_EventDateTimeSeparator":"","_EventTimeRangeSeparator":"","_EventOrganizerID":[],"_EventVenueID":[],"_OrganizerEmail":"","_OrganizerPhone":"","_OrganizerWebsite":"","_VenueAddress":"","_VenueCity":"","_VenueCountry":"","_VenueProvince":"","_VenueState":"","_VenueZip":"","_VenuePhone":"","_VenueURL":"","_VenueStateProvince":"","_VenueLat":"","_VenueLng":"","_VenueShowMap":false,"_VenueShowMapLink":false,"footnotes":""},"categories":[40],"tags":[],"class_list":["post-188","post","type-post","status-publish","format-standard","hentry","category-moehnen"],"_links":{"self":[{"href":"https:\/\/www.birresdorf.de\/blog\/wp-json\/wp\/v2\/posts\/188","targetHints":{"allow":["GET"]}}],"collection":[{"href":"https:\/\/www.birresdorf.de\/blog\/wp-json\/wp\/v2\/posts"}],"about":[{"href":"https:\/\/www.birresdorf.de\/blog\/wp-json\/wp\/v2\/types\/post"}],"author":[{"embeddable":true,"href":"https:\/\/www.birresdorf.de\/blog\/wp-json\/wp\/v2\/users\/1"}],"replies":[{"embeddable":true,"href":"https:\/\/www.birresdorf.de\/blog\/wp-json\/wp\/v2\/comments?post=188"}],"version-history":[{"count":1,"href":"https:\/\/www.birresdorf.de\/blog\/wp-json\/wp\/v2\/posts\/188\/revisions"}],"predecessor-version":[{"id":197,"href":"https:\/\/www.birresdorf.de\/blog\/wp-json\/wp\/v2\/posts\/188\/revisions\/197"}],"wp:attachment":[{"href":"https:\/\/www.birresdorf.de\/blog\/wp-json\/wp\/v2\/media?parent=188"}],"wp:term":[{"taxonomy":"category","embeddable":true,"href":"https:\/\/www.birresdorf.de\/blog\/wp-json\/wp\/v2\/categories?post=188"},{"taxonomy":"post_tag","embeddable":true,"href":"https:\/\/www.birresdorf.de\/blog\/wp-json\/wp\/v2\/tags?post=188"}],"curies":[{"name":"wp","href":"https:\/\/api.w.org\/{rel}","templated":true}]}}