{"id":174,"date":"2026-03-04T19:39:48","date_gmt":"2026-03-04T18:39:48","guid":{"rendered":"https:\/\/www.birresdorf.de\/blog\/?p=174"},"modified":"2026-03-04T19:52:07","modified_gmt":"2026-03-04T18:52:07","slug":"koettzug-der-fidelen-moehnen-birresdorf","status":"publish","type":"post","link":"https:\/\/www.birresdorf.de\/blog\/2026\/03\/04\/koettzug-der-fidelen-moehnen-birresdorf\/","title":{"rendered":"K\u00f6ttzug der Fidelen M\u00f6hnen Birresdorf"},"content":{"rendered":"\n<p>Am 24.01.2026 hie\u00df es erneut: \u201eBirresdorf Alaaf!\u201c Die Fidelen M\u00f6hnen warfen sich in ihre sch\u00f6nsten Roben und starteten ihren traditionellen K\u00f6ttzug durchs Dorf. Dank der liebevollen Vorbereitung von Sabine und Karl Wach, unterst\u00fctzt von Rainer H\u00fcffel, begann der n\u00e4rrische Tag mit einem ausgiebigen Fr\u00fchst\u00fcck. Gut gest\u00e4rkt machten sich die M\u00f6hnen p\u00fcnktlich um 9:00 Uhr auf den Weg. Auch der Wettergott zeigte sich gn\u00e4dig: Der Regen h\u00f6rte rechtzeitig auf und Glatteis blieb aus.<\/p>\n\n\n\n<!--more-->\n\n\n\n<p>Schon in den ersten Stra\u00dfen wurden die M\u00f6hnen herzlich empfangen. Die Birresdorfer zeigten sich wie jedes Jahr gro\u00dfz\u00fcgig und spendeten reichlich \u2013 besonders f\u00fcr Funkenkost\u00fcme und den Kinderkarneval. Gegen 10:30 Uhr folgte der traditionelle Besuch bei B\u00fcrgermeister Achim Juchem sowie bei Ortsvorsteher Uwe Igelmund, der erneut hervorragend bewirtete. Da beide ihre Orden sp\u00e4ter erhalten, \u00fcberreichte Oberm\u00f6hn Svenja Riedl die Sessionsorden feierlich an die Damen der H\u00e4user.<\/p>\n\n\n\n<p>Am Nachmittag stand der zweite Teil des Dorfes an \u2013 begleitet vom Tambourcorps Z\u00fcllighoven, guter Musik, S\u00fc\u00dfigkeiten und dem ein oder anderen \u201eSchabau\u201c. Zuvor lud die Freiwillige Feuerwehr Birresdorf wie jedes Jahr zum Mittagessen ein. Die gemeinsame St\u00e4rkung mit Suppe und Reibekuchen ist zur gesch\u00e4tzten Tradition geworden, nicht nur wegen der k\u00f6stlichen Bewirtung, sondern auch wegen der herzlichen Gemeinschaft.<\/p>\n\n\n\n<p>Zum Abschluss lie\u00dfen die Fidelen M\u00f6hnen den Tag bei der fr\u00f6hlichen \u201eAfter Zoch Party\u201c ausklingen. Ein rundum gelungener, jecker Tag endete.<\/p>\n\n\n\n<p>Die Fidelen M\u00f6hnen bedanken sich herzlich bei allen Bewohnerinnen und Bewohnern f\u00fcr gro\u00dfz\u00fcgige Spenden und die wertvolle Unterst\u00fctzung der Kinder- und Jugendarbeit.<\/p>\n\n\n\n<figure class=\"wp-block-gallery has-nested-images columns-default is-cropped wp-block-gallery-2 is-layout-flex wp-block-gallery-is-layout-flex\">\n<figure class=\"wp-block-image size-large\"><img loading=\"lazy\" decoding=\"async\" width=\"900\" height=\"415\" data-id=\"176\" src=\"https:\/\/www.birresdorf.de\/blog\/wp-content\/uploads\/2026\/03\/2026-01-24-Koettzuch-2026.jpg\" alt=\"\" class=\"wp-image-176\" srcset=\"https:\/\/www.birresdorf.de\/blog\/wp-content\/uploads\/2026\/03\/2026-01-24-Koettzuch-2026.jpg 900w, https:\/\/www.birresdorf.de\/blog\/wp-content\/uploads\/2026\/03\/2026-01-24-Koettzuch-2026-300x138.jpg 300w, https:\/\/www.birresdorf.de\/blog\/wp-content\/uploads\/2026\/03\/2026-01-24-Koettzuch-2026-768x354.jpg 768w\" sizes=\"auto, (max-width: 900px) 100vw, 900px\" \/><\/figure>\n\n\n\n<figure class=\"wp-block-image size-large\"><img loading=\"lazy\" decoding=\"async\" width=\"900\" height=\"454\" data-id=\"180\" src=\"https:\/\/www.birresdorf.de\/blog\/wp-content\/uploads\/2026\/03\/2026-01-24-Koettzuch_Feuerwehr.jpg\" alt=\"\" class=\"wp-image-180\" srcset=\"https:\/\/www.birresdorf.de\/blog\/wp-content\/uploads\/2026\/03\/2026-01-24-Koettzuch_Feuerwehr.jpg 900w, https:\/\/www.birresdorf.de\/blog\/wp-content\/uploads\/2026\/03\/2026-01-24-Koettzuch_Feuerwehr-300x151.jpg 300w, https:\/\/www.birresdorf.de\/blog\/wp-content\/uploads\/2026\/03\/2026-01-24-Koettzuch_Feuerwehr-768x387.jpg 768w\" sizes=\"auto, (max-width: 900px) 100vw, 900px\" \/><\/figure>\n\n\n\n<figure class=\"wp-block-image size-large\"><img loading=\"lazy\" decoding=\"async\" width=\"450\" height=\"600\" data-id=\"175\" src=\"https:\/\/www.birresdorf.de\/blog\/wp-content\/uploads\/2026\/03\/2026-01-24-Koettzuch-Einkehr.jpg\" alt=\"\" class=\"wp-image-175\" srcset=\"https:\/\/www.birresdorf.de\/blog\/wp-content\/uploads\/2026\/03\/2026-01-24-Koettzuch-Einkehr.jpg 450w, https:\/\/www.birresdorf.de\/blog\/wp-content\/uploads\/2026\/03\/2026-01-24-Koettzuch-Einkehr-225x300.jpg 225w\" sizes=\"auto, (max-width: 450px) 100vw, 450px\" \/><\/figure>\n<\/figure>\n","protected":false},"excerpt":{"rendered":"<p>Am 24.01.2026 hie\u00df es erneut: \u201eBirresdorf Alaaf!\u201c Die Fidelen M\u00f6hnen warfen sich in ihre sch\u00f6nsten Roben und starteten ihren traditionellen K\u00f6ttzug durchs Dorf. Dank der liebevollen Vorbereitung von Sabine und [&hellip;]<\/p>\n","protected":false},"author":1,"featured_media":176,"comment_status":"closed","ping_status":"open","sticky":false,"template":"","format":"standard","meta":{"_EventAllDay":false,"_EventTimezone":"","_EventStartDate":"","_EventEndDate":"","_EventStartDateUTC":"","_EventEndDateUTC":"","_EventShowMap":false,"_EventShowMapLink":false,"_EventURL":"","_EventCost":"","_EventCostDescription":"","_EventCurrencySymbol":"","_EventCurrencyCode":"","_EventCurrencyPosition":"","_EventDateTimeSeparator":"","_EventTimeRangeSeparator":"","_EventOrganizerID":[],"_EventVenueID":[],"_OrganizerEmail":"","_OrganizerPhone":"","_OrganizerWebsite":"","_VenueAddress":"","_VenueCity":"","_VenueCountry":"","_VenueProvince":"","_VenueState":"","_VenueZip":"","_VenuePhone":"","_VenueURL":"","_VenueStateProvince":"","_VenueLat":"","_VenueLng":"","_VenueShowMap":false,"_VenueShowMapLink":false,"footnotes":""},"categories":[40],"tags":[],"class_list":["post-174","post","type-post","status-publish","format-standard","has-post-thumbnail","hentry","category-moehnen"],"_links":{"self":[{"href":"https:\/\/www.birresdorf.de\/blog\/wp-json\/wp\/v2\/posts\/174","targetHints":{"allow":["GET"]}}],"collection":[{"href":"https:\/\/www.birresdorf.de\/blog\/wp-json\/wp\/v2\/posts"}],"about":[{"href":"https:\/\/www.birresdorf.de\/blog\/wp-json\/wp\/v2\/types\/post"}],"author":[{"embeddable":true,"href":"https:\/\/www.birresdorf.de\/blog\/wp-json\/wp\/v2\/users\/1"}],"replies":[{"embeddable":true,"href":"https:\/\/www.birresdorf.de\/blog\/wp-json\/wp\/v2\/comments?post=174"}],"version-history":[{"count":3,"href":"https:\/\/www.birresdorf.de\/blog\/wp-json\/wp\/v2\/posts\/174\/revisions"}],"predecessor-version":[{"id":181,"href":"https:\/\/www.birresdorf.de\/blog\/wp-json\/wp\/v2\/posts\/174\/revisions\/181"}],"wp:featuredmedia":[{"embeddable":true,"href":"https:\/\/www.birresdorf.de\/blog\/wp-json\/wp\/v2\/media\/176"}],"wp:attachment":[{"href":"https:\/\/www.birresdorf.de\/blog\/wp-json\/wp\/v2\/media?parent=174"}],"wp:term":[{"taxonomy":"category","embeddable":true,"href":"https:\/\/www.birresdorf.de\/blog\/wp-json\/wp\/v2\/categories?post=174"},{"taxonomy":"post_tag","embeddable":true,"href":"https:\/\/www.birresdorf.de\/blog\/wp-json\/wp\/v2\/tags?post=174"}],"curies":[{"name":"wp","href":"https:\/\/api.w.org\/{rel}","templated":true}]}}